{"id":5689,"date":"2026-08-31T13:55:06","date_gmt":"2026-08-31T16:55:06","guid":{"rendered":"https:\/\/www.kakinet.com\/cms\/?p=5689"},"modified":"2026-08-31T14:01:43","modified_gmt":"2026-08-31T17:01:43","slug":"basho-e-a-arte-da-viagem","status":"publish","type":"post","link":"https:\/\/www.kakinet.com\/cms\/basho-e-a-arte-da-viagem\/","title":{"rendered":"Bash\u00f4 e a Arte da Viagem"},"content":{"rendered":"\n<p class=\"wp-block-paragraph\"><strong>Di\u00e1rios de viagem e alguns poemas em prosa<br>Matsuo Bash\u00f4 (trad. Jorge Sousa Braga)<\/strong><\/p>\n\n\n\n<figure class=\"wp-block-image size-full\"><a href=\"https:\/\/www.kakinet.com\/cms\/wp-content\/uploads\/2026\/08\/capa_diarios_de_viagem_sena.jpg\"><img loading=\"lazy\" decoding=\"async\" width=\"682\" height=\"1024\" src=\"https:\/\/www.kakinet.com\/cms\/wp-content\/uploads\/2026\/08\/capa_diarios_de_viagem_sena.jpg\" alt=\"\" class=\"wp-image-5690\" srcset=\"https:\/\/www.kakinet.com\/cms\/wp-content\/uploads\/2026\/08\/capa_diarios_de_viagem_sena.jpg 682w, https:\/\/www.kakinet.com\/cms\/wp-content\/uploads\/2026\/08\/capa_diarios_de_viagem_sena-200x300.jpg 200w\" sizes=\"auto, (max-width: 682px) 100vw, 682px\" \/><\/a><\/figure>\n\n\n\n<p class=\"wp-block-paragraph\">Colet\u00e2nea de di\u00e1rios de viagem (6 di\u00e1rios) e poemas em prosa [haibun] (3 haibun), anotados. Tradu\u00e7\u00e3o e apresenta\u00e7\u00e3o de Jorge Sousa Braga. Inclui bibliografia. Inclui mapas. Porto, Ass\u00edrio &amp; Alvim, 2026, 176 p\u00e1ginas, 15 cm x 21 cm. ISBN 978-972-37-2464-6. Contato:\u00a0<a href=\"https:\/\/www.assirio.pt\/\">assirio.pt<\/a>. <\/p>\n\n\n\n<!--more-->\n\n\n\n<p class=\"wp-block-paragraph\">Da introdu\u00e7\u00e3o: &#8220;O Di\u00e1rio de Tosa, de Ki no Tsurayuki, escrito por volta de 935, constitui aquilo a que podemos chamar um nikki bungaku (di\u00e1rio liter\u00e1rio) ou kiko bungaku (di\u00e1rio de viagem) e regista uma viagem de Tosa at\u00e9 Quioto, escrita na perspectiva de uma companheira de viagem. Tradicionalmente, os di\u00e1rios eram compostos por uma s\u00e9rie de poemas unidos por sec\u00e7\u00f5es em prosa. Mas foi o Di\u00e1rio de Kager\u00f4, da assim chamada M\u00e3e de Michitsuna, que mais contribuiu para o desenvolvimento dos di\u00e1rios no Jap\u00e3o. Outros exemplos de nikki bungaku incluem os das cortes\u00e3s imperiais Izumi e Murasaki Shikibu. Os di\u00e1rios de Matsuo Bash\u00f4 inserem-se nesse movimento. Ali\u00e1s, Bash\u00f4 confessa num deles: &#8216;Desde tempos imemoriais que a arte de escrever di\u00e1rios de viagem \u00e9 muito popular e grandes escritores como o senhor Ki, Ch\u00f4mei e a monja Abutsu atingiram a sua perfei\u00e7\u00e3o. Trabalhos posteriores n\u00e3o passam de imita\u00e7\u00f5es desses grandes mestres. A minha pena, mais fraca em sabedoria e desfavorecida pela gra\u00e7a divina, empenha-se em v\u00e3o em igual\u00e1-los. \u00c9 relativamente f\u00e1cil dizer que, por exemplo, &#8216;naquele dia estava a chover, mas a tarde ficou radiosa, havia um pinheiro neste lugar&#8217; e anotar o nome dos rios. Isso \u00e9 o que toda a gente escreve nos di\u00e1rios, embora n\u00e3o sejam dignos de men\u00e7\u00e3o a n\u00e3o se que constituam elementos novos, como em Su, e significativos, como em Huang. Os leitores encontrar\u00e3o no meu di\u00e1rio uma amostra fortuita de tudo o que vi no caminho. Algumas dessas vis\u00f5es permanecem ainda vivas no meu cora\u00e7\u00e3o: uma casa isolada na montanha ou uma estalagem solit\u00e1ria cercada por um matagal. Anotei estas recorda\u00e7\u00f5es com a esperan\u00e7a de que possam desencadear uma conversa agrad\u00e1vel entre os meus leitores e para que possam ser \u00fateis \u00e0queles que calcorreiam os mesmos caminhos. Devo confessar, todavia, que as minhas recorda\u00e7\u00f5es pouco mais s\u00e3o do que o discurso delirante e sem nexo do sonhador e, portanto, s\u00e3o amigavelmente convidados a tom\u00e1-las como tal.&#8217; &#8220;<\/p>\n\n\n\n<p class=\"wp-block-paragraph\">Amostra:<\/p>\n\n\n\n<blockquote class=\"wp-block-quote is-layout-flow wp-block-quote-is-layout-flow\">\n<p class=\"has-medium-font-size wp-block-paragraph\">A gl\u00f3ria de tr\u00eas gera\u00e7\u00f5es de Fujiwara desvaneceu-se como o sonho de uma noite. Os restos da entrada principal da mans\u00e3o est\u00e3o a um li de dist\u00e2ncia do conjunto das ru\u00ednas. A resid\u00eancia de Hidehira converteu-se num matagal e s\u00f3 resta em p\u00e9 o monte Kinkei. Subi as ru\u00ednas do pal\u00e1cio Takadachi. Dali se v\u00ea o Kitakami, grande rio que vem do Sul. O rio Koromo, depois de contornar o castelo de Izumi Saburo, junta-se-lhe abaixo do pal\u00e1cio Takadachi. As ru\u00ednas do castelo de Yasuhira, com o posto de Koromo que est\u00e1 mais adiante, guardam a entrada a sul e constituem uma defesa contra as invas\u00f5es. Aqui se encerram os fi\u00e9is eleitos. Das suas fa\u00e7anhas nada resta, a n\u00e3o ser estas ervas. Recordo o velho poeta:<\/p>\n\n\n\n<p class=\"has-medium-font-size wp-block-paragraph\">pa\u00edses s\u00e3o arrasados<br>os rios e as montanhas permanecem\u2026<br>entre as ru\u00ednas do castelo<br>a primavera renasce<br>e reverdecem as ervas<\/p>\n\n\n\n<p class=\"has-medium-font-size wp-block-paragraph\">Sento-me sobre o meu chap\u00e9u e choro, sem me dar conta da passagem do tempo:<\/p>\n\n\n\n<p class=\"has-medium-font-size wp-block-paragraph\">ervas do estio<br>eis tudo o que resta<br>do sonho dos guerreiros<\/p>\n<\/blockquote>\n\n\n\n<p class=\"wp-block-paragraph\"><br><a href=\"https:\/\/kakinet.com\/cms\/?p=107\">Este espa\u00e7o tem por objetivo divulgar a produ\u00e7\u00e3o haica\u00edsta em l\u00edngua portuguesa. Se voc\u00ea \u00e9 autor, clique para saber como expor seu trabalho gratuitamente<\/a>.<\/p>\n","protected":false},"excerpt":{"rendered":"<p>Di\u00e1rios de viagem e alguns poemas em prosaMatsuo Bash\u00f4 (trad. Jorge Sousa Braga) Colet\u00e2nea de di\u00e1rios de viagem (6 di\u00e1rios) e poemas em prosa [haibun] (3 haibun), anotados. Tradu\u00e7\u00e3o e apresenta\u00e7\u00e3o de Jorge Sousa Braga. Inclui bibliografia. Inclui mapas. Porto, Ass\u00edrio &amp; Alvim, 2026, 176 p\u00e1ginas, 15 cm x 21 cm. ISBN 978-972-37-2464-6. Contato:\u00a0assirio.pt.<\/p>\n","protected":false},"author":1,"featured_media":0,"comment_status":"closed","ping_status":"open","sticky":false,"template":"","format":"standard","meta":{"footnotes":""},"categories":[12],"tags":[240,4,239],"class_list":["post-5689","post","type-post","status-publish","format-standard","hentry","category-estante","tag-assirio-alvim","tag-basho","tag-jorge-sousa-braga"],"yoast_head":"<!-- This site is optimized with the Yoast SEO plugin v27.7 - https:\/\/yoast.com\/product\/yoast-seo-wordpress\/ -->\n<title>Bash\u00f4 e a Arte da Viagem - CAQUI \u2022 Revista Brasileira de Haicai<\/title>\n<meta name=\"description\" content=\"Di\u00e1rios de viagem de Bash\u00f4 em tradu\u00e7\u00e3o de Jorge Sousa Braga\" \/>\n<meta name=\"robots\" content=\"index, follow, max-snippet:-1, max-image-preview:large, max-video-preview:-1\" \/>\n<link rel=\"canonical\" href=\"https:\/\/www.kakinet.com\/cms\/basho-e-a-arte-da-viagem\/\" \/>\n<meta property=\"og:locale\" content=\"pt_BR\" \/>\n<meta property=\"og:type\" content=\"article\" \/>\n<meta property=\"og:title\" content=\"Bash\u00f4 e a Arte da Viagem - CAQUI \u2022 Revista Brasileira de Haicai\" \/>\n<meta property=\"og:description\" content=\"Di\u00e1rios de viagem de Bash\u00f4 em tradu\u00e7\u00e3o de Jorge Sousa Braga\" \/>\n<meta property=\"og:url\" content=\"https:\/\/www.kakinet.com\/cms\/basho-e-a-arte-da-viagem\/\" \/>\n<meta property=\"og:site_name\" content=\"CAQUI \u2022 Revista Brasileira de Haicai\" \/>\n<meta property=\"article:publisher\" content=\"https:\/\/facebook.com\/edson.iura\" \/>\n<meta property=\"article:published_time\" content=\"2026-08-31T16:55:06+00:00\" \/>\n<meta property=\"article:modified_time\" content=\"2026-08-31T17:01:43+00:00\" \/>\n<meta property=\"og:image\" content=\"https:\/\/www.kakinet.com\/cms\/wp-content\/uploads\/2026\/08\/capa_diarios_de_viagem_sena.jpg\" \/>\n\t<meta property=\"og:image:width\" content=\"682\" \/>\n\t<meta property=\"og:image:height\" content=\"1024\" \/>\n\t<meta property=\"og:image:type\" content=\"image\/jpeg\" \/>\n<meta name=\"author\" content=\"kakinet\" \/>\n<meta name=\"twitter:card\" content=\"summary_large_image\" \/>\n<meta name=\"twitter:label1\" content=\"Escrito por\" \/>\n\t<meta name=\"twitter:data1\" content=\"kakinet\" \/>\n\t<meta name=\"twitter:label2\" content=\"Est. tempo de leitura\" \/>\n\t<meta name=\"twitter:data2\" content=\"3 minutos\" \/>\n<script type=\"application\/ld+json\" class=\"yoast-schema-graph\">{\"@context\":\"https:\\\/\\\/schema.org\",\"@graph\":[{\"@type\":\"Article\",\"@id\":\"https:\\\/\\\/www.kakinet.com\\\/cms\\\/basho-e-a-arte-da-viagem\\\/#article\",\"isPartOf\":{\"@id\":\"https:\\\/\\\/www.kakinet.com\\\/cms\\\/basho-e-a-arte-da-viagem\\\/\"},\"author\":{\"name\":\"kakinet\",\"@id\":\"https:\\\/\\\/www.kakinet.com\\\/cms\\\/#\\\/schema\\\/person\\\/5e4aa2afb641aad98b8e0fd459dc105a\"},\"headline\":\"Bash\u00f4 e a Arte da Viagem\",\"datePublished\":\"2026-08-31T16:55:06+00:00\",\"dateModified\":\"2026-08-31T17:01:43+00:00\",\"mainEntityOfPage\":{\"@id\":\"https:\\\/\\\/www.kakinet.com\\\/cms\\\/basho-e-a-arte-da-viagem\\\/\"},\"wordCount\":643,\"publisher\":{\"@id\":\"https:\\\/\\\/www.kakinet.com\\\/cms\\\/#organization\"},\"image\":{\"@id\":\"https:\\\/\\\/www.kakinet.com\\\/cms\\\/basho-e-a-arte-da-viagem\\\/#primaryimage\"},\"thumbnailUrl\":\"https:\\\/\\\/www.kakinet.com\\\/cms\\\/wp-content\\\/uploads\\\/2026\\\/08\\\/capa_diarios_de_viagem_sena.jpg\",\"keywords\":[\"Ass\u00edrio &amp; Alvim\",\"Bash\u00f4\",\"Jorge Sousa Braga\"],\"articleSection\":[\"Estante\"],\"inLanguage\":\"pt-BR\"},{\"@type\":\"WebPage\",\"@id\":\"https:\\\/\\\/www.kakinet.com\\\/cms\\\/basho-e-a-arte-da-viagem\\\/\",\"url\":\"https:\\\/\\\/www.kakinet.com\\\/cms\\\/basho-e-a-arte-da-viagem\\\/\",\"name\":\"Bash\u00f4 e a Arte da Viagem - CAQUI \u2022 Revista Brasileira de Haicai\",\"isPartOf\":{\"@id\":\"https:\\\/\\\/www.kakinet.com\\\/cms\\\/#website\"},\"primaryImageOfPage\":{\"@id\":\"https:\\\/\\\/www.kakinet.com\\\/cms\\\/basho-e-a-arte-da-viagem\\\/#primaryimage\"},\"image\":{\"@id\":\"https:\\\/\\\/www.kakinet.com\\\/cms\\\/basho-e-a-arte-da-viagem\\\/#primaryimage\"},\"thumbnailUrl\":\"https:\\\/\\\/www.kakinet.com\\\/cms\\\/wp-content\\\/uploads\\\/2026\\\/08\\\/capa_diarios_de_viagem_sena.jpg\",\"datePublished\":\"2026-08-31T16:55:06+00:00\",\"dateModified\":\"2026-08-31T17:01:43+00:00\",\"description\":\"Di\u00e1rios de viagem de Bash\u00f4 em tradu\u00e7\u00e3o de Jorge Sousa Braga\",\"breadcrumb\":{\"@id\":\"https:\\\/\\\/www.kakinet.com\\\/cms\\\/basho-e-a-arte-da-viagem\\\/#breadcrumb\"},\"inLanguage\":\"pt-BR\",\"potentialAction\":[{\"@type\":\"ReadAction\",\"target\":[\"https:\\\/\\\/www.kakinet.com\\\/cms\\\/basho-e-a-arte-da-viagem\\\/\"]}]},{\"@type\":\"ImageObject\",\"inLanguage\":\"pt-BR\",\"@id\":\"https:\\\/\\\/www.kakinet.com\\\/cms\\\/basho-e-a-arte-da-viagem\\\/#primaryimage\",\"url\":\"https:\\\/\\\/www.kakinet.com\\\/cms\\\/wp-content\\\/uploads\\\/2026\\\/08\\\/capa_diarios_de_viagem_sena.jpg\",\"contentUrl\":\"https:\\\/\\\/www.kakinet.com\\\/cms\\\/wp-content\\\/uploads\\\/2026\\\/08\\\/capa_diarios_de_viagem_sena.jpg\"},{\"@type\":\"BreadcrumbList\",\"@id\":\"https:\\\/\\\/www.kakinet.com\\\/cms\\\/basho-e-a-arte-da-viagem\\\/#breadcrumb\",\"itemListElement\":[{\"@type\":\"ListItem\",\"position\":1,\"name\":\"In\u00edcio\",\"item\":\"https:\\\/\\\/www.kakinet.com\\\/cms\\\/\"},{\"@type\":\"ListItem\",\"position\":2,\"name\":\"Bash\u00f4 e a Arte da Viagem\"}]},{\"@type\":\"WebSite\",\"@id\":\"https:\\\/\\\/www.kakinet.com\\\/cms\\\/#website\",\"url\":\"https:\\\/\\\/www.kakinet.com\\\/cms\\\/\",\"name\":\"CAQUI: Revista Brasileira de Haicai\",\"description\":\"\",\"publisher\":{\"@id\":\"https:\\\/\\\/www.kakinet.com\\\/cms\\\/#organization\"},\"potentialAction\":[{\"@type\":\"SearchAction\",\"target\":{\"@type\":\"EntryPoint\",\"urlTemplate\":\"https:\\\/\\\/www.kakinet.com\\\/cms\\\/?s={search_term_string}\"},\"query-input\":{\"@type\":\"PropertyValueSpecification\",\"valueRequired\":true,\"valueName\":\"search_term_string\"}}],\"inLanguage\":\"pt-BR\"},{\"@type\":\"Organization\",\"@id\":\"https:\\\/\\\/www.kakinet.com\\\/cms\\\/#organization\",\"name\":\"Kakinet\",\"url\":\"https:\\\/\\\/www.kakinet.com\\\/cms\\\/\",\"logo\":{\"@type\":\"ImageObject\",\"inLanguage\":\"pt-BR\",\"@id\":\"https:\\\/\\\/www.kakinet.com\\\/cms\\\/#\\\/schema\\\/logo\\\/image\\\/\",\"url\":\"https:\\\/\\\/www.kakinet.com\\\/cms\\\/wp-content\\\/uploads\\\/2018\\\/12\\\/caquig.jpg\",\"contentUrl\":\"https:\\\/\\\/www.kakinet.com\\\/cms\\\/wp-content\\\/uploads\\\/2018\\\/12\\\/caquig.jpg\",\"width\":512,\"height\":512,\"caption\":\"Kakinet\"},\"image\":{\"@id\":\"https:\\\/\\\/www.kakinet.com\\\/cms\\\/#\\\/schema\\\/logo\\\/image\\\/\"},\"sameAs\":[\"https:\\\/\\\/facebook.com\\\/edson.iura\"]},{\"@type\":\"Person\",\"@id\":\"https:\\\/\\\/www.kakinet.com\\\/cms\\\/#\\\/schema\\\/person\\\/5e4aa2afb641aad98b8e0fd459dc105a\",\"name\":\"kakinet\",\"image\":{\"@type\":\"ImageObject\",\"inLanguage\":\"pt-BR\",\"@id\":\"https:\\\/\\\/secure.gravatar.com\\\/avatar\\\/f6a2f956af36a788e7722e174770ad9c743230eb0a84b27ab6f787fc5e4e5303?s=96&d=mm&r=g\",\"url\":\"https:\\\/\\\/secure.gravatar.com\\\/avatar\\\/f6a2f956af36a788e7722e174770ad9c743230eb0a84b27ab6f787fc5e4e5303?s=96&d=mm&r=g\",\"contentUrl\":\"https:\\\/\\\/secure.gravatar.com\\\/avatar\\\/f6a2f956af36a788e7722e174770ad9c743230eb0a84b27ab6f787fc5e4e5303?s=96&d=mm&r=g\",\"caption\":\"kakinet\"},\"url\":\"https:\\\/\\\/www.kakinet.com\\\/cms\\\/author\\\/kakinet\\\/\"}]}<\/script>\n<!-- \/ Yoast SEO plugin. -->","yoast_head_json":{"title":"Bash\u00f4 e a Arte da Viagem - CAQUI \u2022 Revista Brasileira de Haicai","description":"Di\u00e1rios de viagem de Bash\u00f4 em tradu\u00e7\u00e3o de Jorge Sousa Braga","robots":{"index":"index","follow":"follow","max-snippet":"max-snippet:-1","max-image-preview":"max-image-preview:large","max-video-preview":"max-video-preview:-1"},"canonical":"https:\/\/www.kakinet.com\/cms\/basho-e-a-arte-da-viagem\/","og_locale":"pt_BR","og_type":"article","og_title":"Bash\u00f4 e a Arte da Viagem - CAQUI \u2022 Revista Brasileira de Haicai","og_description":"Di\u00e1rios de viagem de Bash\u00f4 em tradu\u00e7\u00e3o de Jorge Sousa Braga","og_url":"https:\/\/www.kakinet.com\/cms\/basho-e-a-arte-da-viagem\/","og_site_name":"CAQUI \u2022 Revista Brasileira de Haicai","article_publisher":"https:\/\/facebook.com\/edson.iura","article_published_time":"2026-08-31T16:55:06+00:00","article_modified_time":"2026-08-31T17:01:43+00:00","og_image":[{"width":682,"height":1024,"url":"https:\/\/www.kakinet.com\/cms\/wp-content\/uploads\/2026\/08\/capa_diarios_de_viagem_sena.jpg","type":"image\/jpeg"}],"author":"kakinet","twitter_card":"summary_large_image","twitter_misc":{"Escrito por":"kakinet","Est. tempo de leitura":"3 minutos"},"schema":{"@context":"https:\/\/schema.org","@graph":[{"@type":"Article","@id":"https:\/\/www.kakinet.com\/cms\/basho-e-a-arte-da-viagem\/#article","isPartOf":{"@id":"https:\/\/www.kakinet.com\/cms\/basho-e-a-arte-da-viagem\/"},"author":{"name":"kakinet","@id":"https:\/\/www.kakinet.com\/cms\/#\/schema\/person\/5e4aa2afb641aad98b8e0fd459dc105a"},"headline":"Bash\u00f4 e a Arte da Viagem","datePublished":"2026-08-31T16:55:06+00:00","dateModified":"2026-08-31T17:01:43+00:00","mainEntityOfPage":{"@id":"https:\/\/www.kakinet.com\/cms\/basho-e-a-arte-da-viagem\/"},"wordCount":643,"publisher":{"@id":"https:\/\/www.kakinet.com\/cms\/#organization"},"image":{"@id":"https:\/\/www.kakinet.com\/cms\/basho-e-a-arte-da-viagem\/#primaryimage"},"thumbnailUrl":"https:\/\/www.kakinet.com\/cms\/wp-content\/uploads\/2026\/08\/capa_diarios_de_viagem_sena.jpg","keywords":["Ass\u00edrio &amp; Alvim","Bash\u00f4","Jorge Sousa Braga"],"articleSection":["Estante"],"inLanguage":"pt-BR"},{"@type":"WebPage","@id":"https:\/\/www.kakinet.com\/cms\/basho-e-a-arte-da-viagem\/","url":"https:\/\/www.kakinet.com\/cms\/basho-e-a-arte-da-viagem\/","name":"Bash\u00f4 e a Arte da Viagem - CAQUI \u2022 Revista Brasileira de Haicai","isPartOf":{"@id":"https:\/\/www.kakinet.com\/cms\/#website"},"primaryImageOfPage":{"@id":"https:\/\/www.kakinet.com\/cms\/basho-e-a-arte-da-viagem\/#primaryimage"},"image":{"@id":"https:\/\/www.kakinet.com\/cms\/basho-e-a-arte-da-viagem\/#primaryimage"},"thumbnailUrl":"https:\/\/www.kakinet.com\/cms\/wp-content\/uploads\/2026\/08\/capa_diarios_de_viagem_sena.jpg","datePublished":"2026-08-31T16:55:06+00:00","dateModified":"2026-08-31T17:01:43+00:00","description":"Di\u00e1rios de viagem de Bash\u00f4 em tradu\u00e7\u00e3o de Jorge Sousa Braga","breadcrumb":{"@id":"https:\/\/www.kakinet.com\/cms\/basho-e-a-arte-da-viagem\/#breadcrumb"},"inLanguage":"pt-BR","potentialAction":[{"@type":"ReadAction","target":["https:\/\/www.kakinet.com\/cms\/basho-e-a-arte-da-viagem\/"]}]},{"@type":"ImageObject","inLanguage":"pt-BR","@id":"https:\/\/www.kakinet.com\/cms\/basho-e-a-arte-da-viagem\/#primaryimage","url":"https:\/\/www.kakinet.com\/cms\/wp-content\/uploads\/2026\/08\/capa_diarios_de_viagem_sena.jpg","contentUrl":"https:\/\/www.kakinet.com\/cms\/wp-content\/uploads\/2026\/08\/capa_diarios_de_viagem_sena.jpg"},{"@type":"BreadcrumbList","@id":"https:\/\/www.kakinet.com\/cms\/basho-e-a-arte-da-viagem\/#breadcrumb","itemListElement":[{"@type":"ListItem","position":1,"name":"In\u00edcio","item":"https:\/\/www.kakinet.com\/cms\/"},{"@type":"ListItem","position":2,"name":"Bash\u00f4 e a Arte da Viagem"}]},{"@type":"WebSite","@id":"https:\/\/www.kakinet.com\/cms\/#website","url":"https:\/\/www.kakinet.com\/cms\/","name":"CAQUI: Revista Brasileira de Haicai","description":"","publisher":{"@id":"https:\/\/www.kakinet.com\/cms\/#organization"},"potentialAction":[{"@type":"SearchAction","target":{"@type":"EntryPoint","urlTemplate":"https:\/\/www.kakinet.com\/cms\/?s={search_term_string}"},"query-input":{"@type":"PropertyValueSpecification","valueRequired":true,"valueName":"search_term_string"}}],"inLanguage":"pt-BR"},{"@type":"Organization","@id":"https:\/\/www.kakinet.com\/cms\/#organization","name":"Kakinet","url":"https:\/\/www.kakinet.com\/cms\/","logo":{"@type":"ImageObject","inLanguage":"pt-BR","@id":"https:\/\/www.kakinet.com\/cms\/#\/schema\/logo\/image\/","url":"https:\/\/www.kakinet.com\/cms\/wp-content\/uploads\/2018\/12\/caquig.jpg","contentUrl":"https:\/\/www.kakinet.com\/cms\/wp-content\/uploads\/2018\/12\/caquig.jpg","width":512,"height":512,"caption":"Kakinet"},"image":{"@id":"https:\/\/www.kakinet.com\/cms\/#\/schema\/logo\/image\/"},"sameAs":["https:\/\/facebook.com\/edson.iura"]},{"@type":"Person","@id":"https:\/\/www.kakinet.com\/cms\/#\/schema\/person\/5e4aa2afb641aad98b8e0fd459dc105a","name":"kakinet","image":{"@type":"ImageObject","inLanguage":"pt-BR","@id":"https:\/\/secure.gravatar.com\/avatar\/f6a2f956af36a788e7722e174770ad9c743230eb0a84b27ab6f787fc5e4e5303?s=96&d=mm&r=g","url":"https:\/\/secure.gravatar.com\/avatar\/f6a2f956af36a788e7722e174770ad9c743230eb0a84b27ab6f787fc5e4e5303?s=96&d=mm&r=g","contentUrl":"https:\/\/secure.gravatar.com\/avatar\/f6a2f956af36a788e7722e174770ad9c743230eb0a84b27ab6f787fc5e4e5303?s=96&d=mm&r=g","caption":"kakinet"},"url":"https:\/\/www.kakinet.com\/cms\/author\/kakinet\/"}]}},"_links":{"self":[{"href":"https:\/\/www.kakinet.com\/cms\/wp-json\/wp\/v2\/posts\/5689","targetHints":{"allow":["GET"]}}],"collection":[{"href":"https:\/\/www.kakinet.com\/cms\/wp-json\/wp\/v2\/posts"}],"about":[{"href":"https:\/\/www.kakinet.com\/cms\/wp-json\/wp\/v2\/types\/post"}],"author":[{"embeddable":true,"href":"https:\/\/www.kakinet.com\/cms\/wp-json\/wp\/v2\/users\/1"}],"replies":[{"embeddable":true,"href":"https:\/\/www.kakinet.com\/cms\/wp-json\/wp\/v2\/comments?post=5689"}],"version-history":[{"count":5,"href":"https:\/\/www.kakinet.com\/cms\/wp-json\/wp\/v2\/posts\/5689\/revisions"}],"predecessor-version":[{"id":5700,"href":"https:\/\/www.kakinet.com\/cms\/wp-json\/wp\/v2\/posts\/5689\/revisions\/5700"}],"wp:attachment":[{"href":"https:\/\/www.kakinet.com\/cms\/wp-json\/wp\/v2\/media?parent=5689"}],"wp:term":[{"taxonomy":"category","embeddable":true,"href":"https:\/\/www.kakinet.com\/cms\/wp-json\/wp\/v2\/categories?post=5689"},{"taxonomy":"post_tag","embeddable":true,"href":"https:\/\/www.kakinet.com\/cms\/wp-json\/wp\/v2\/tags?post=5689"}],"curies":[{"name":"wp","href":"https:\/\/api.w.org\/{rel}","templated":true}]}}